{"id":411,"date":"2017-08-20T09:18:59","date_gmt":"2017-08-20T09:18:59","guid":{"rendered":"http:\/\/www.archaeologie-lahndill.de\/wp\/?p=411"},"modified":"2024-03-09T09:34:15","modified_gmt":"2024-03-09T09:34:15","slug":"ausstellung-soli-dio-gloria-2","status":"publish","type":"post","link":"https:\/\/www.archaeologie-lahndill.de\/wp\/ausstellung-soli-dio-gloria-2\/","title":{"rendered":"Ausstellung: &#8222;SOLI  DIO(!)  GLORIA&#8220;"},"content":{"rendered":"<figure id=\"attachment_388\" aria-describedby=\"caption-attachment-388\" style=\"width: 150px\" class=\"wp-caption alignleft\"><a href=\"https:\/\/www.archaeologie-lahndill.de\/wp\/wp-content\/uploads\/2017\/08\/soli.jpg\"><img loading=\"lazy\" decoding=\"async\" class=\"size-thumbnail wp-image-388\" src=\"https:\/\/www.archaeologie-lahndill.de\/wp\/wp-content\/uploads\/2017\/08\/soli-150x150.jpg\" alt=\"\" width=\"150\" height=\"150\"><\/a><figcaption id=\"caption-attachment-388\" class=\"wp-caption-text\">Reformationszeitliche Inschrift mit Schreibfehler<\/figcaption><\/figure>\n<p>&#8222;Gott allein die Ehre&#8220; &#8211; Unter diesem reformationszeitlichen Titel zeigt die Ausstellung im Haus der Vorgeschichte Aspekte des Glaubens von der Steinzeit bis zur Reformation.<br \/>\n<!--more--><\/p>\n<p>Diese kleine Ausstellung wurde anl\u00e4sslich des Jubil\u00e4umsjahres \u201e500 Jahre Reformation\u201c konzipiert. Zur Person Luthers kann die Geschichtsforschung im Raum Gie\u00dfen-Wetzlar nichts beitragen; die k\u00fcrzeste geografische Ann\u00e4hrung d\u00fcrfte w\u00e4hrend seiner Fahrt zum Reichstag nach Worms 1521 erfolgt sein, als er von Eisenach durch die Wetterau \u00f6stlich an unserer Region vorbeireiste. Der Prozess der Reformation aber hat aufgezeigt, wie sehr sich Glaubensvorstellungen und kultische Rituale im Laufe von Jahrhunderten ver\u00e4ndern und wie wenig sich Gl\u00e4ubige auf die absolute Sicherheit ihrer Vorstellungen als alleine g\u00fcltige verlassen k\u00f6nnen.<\/p>\n<p>Ein interessantes Vorhaben f\u00fcr den Verein f\u00fcr regionale Vorgeschichte ist es, ausgew\u00e4hlte Sachg\u00fcter der Vergangenheit auf ihren zeitgen\u00f6ssischen geistigen Hintergrund zu befragen und somit \u00fcber die dingliche Oberfl\u00e4che hinaus \u201eAspekte des Glaubens\u201c aufzuzeigen und nebeneinander zu stellen, ohne sie bewerten zu wollen.<\/p>\n<p>Als Titel der Ausstellung wurde die Inschrift auf einer Ofenkachelserie gew\u00e4hlt, die eines der reformatorischen Prinzipien ist. Die anderen reformatorischen Grunds\u00e4tze (&#8222;Solas&#8220;) sind Solus Christus (&#8222;allein Christus&#8220;), Sola scriptura (&#8222;allein durch die Schrift&#8220;), Sola fide (&#8222;allein durch Glauben&#8220;) und Sola gratia (&#8222;allein aus Gnade&#8220;). Der eingearbeitete Rechtschreibefehler (DIO anstelle von DEO) zeigt die N\u00e4he der Hersteller und Benutzer zum einfachen Volk, das der Gelehrtensprache Latein nicht m\u00e4chtig ist, sich aber dem damit zum Ausdruck gebrachten Gedankengeb\u00e4ude verbunden f\u00fchlt.<\/p>\n<p>Die Ausstellung ist von 14.00 bis 17.00 Uhr ge\u00f6ffnet. Daneben ist auch der Ausstellungsbereich zur mittelalterlichen Eisengewinnung zu sehen. Der Eintritt ist frei.<\/p>\n","protected":false},"excerpt":{"rendered":"<p>&#8222;Gott allein die Ehre&#8220; &#8211; Unter diesem reformationszeitlichen Titel zeigt die Ausstellung im Haus der Vorgeschichte Aspekte des<\/p>\n","protected":false},"author":1,"featured_media":0,"comment_status":"closed","ping_status":"closed","sticky":false,"template":"","format":"standard","meta":{"ngg_post_thumbnail":0,"footnotes":""},"categories":[4,8],"tags":[],"class_list":["post-411","post","type-post","status-publish","format-standard","hentry","category-haus-der-vorgeschichte","category-termin"],"_links":{"self":[{"href":"https:\/\/www.archaeologie-lahndill.de\/wp\/wp-json\/wp\/v2\/posts\/411","targetHints":{"allow":["GET"]}}],"collection":[{"href":"https:\/\/www.archaeologie-lahndill.de\/wp\/wp-json\/wp\/v2\/posts"}],"about":[{"href":"https:\/\/www.archaeologie-lahndill.de\/wp\/wp-json\/wp\/v2\/types\/post"}],"author":[{"embeddable":true,"href":"https:\/\/www.archaeologie-lahndill.de\/wp\/wp-json\/wp\/v2\/users\/1"}],"replies":[{"embeddable":true,"href":"https:\/\/www.archaeologie-lahndill.de\/wp\/wp-json\/wp\/v2\/comments?post=411"}],"version-history":[{"count":1,"href":"https:\/\/www.archaeologie-lahndill.de\/wp\/wp-json\/wp\/v2\/posts\/411\/revisions"}],"predecessor-version":[{"id":412,"href":"https:\/\/www.archaeologie-lahndill.de\/wp\/wp-json\/wp\/v2\/posts\/411\/revisions\/412"}],"wp:attachment":[{"href":"https:\/\/www.archaeologie-lahndill.de\/wp\/wp-json\/wp\/v2\/media?parent=411"}],"wp:term":[{"taxonomy":"category","embeddable":true,"href":"https:\/\/www.archaeologie-lahndill.de\/wp\/wp-json\/wp\/v2\/categories?post=411"},{"taxonomy":"post_tag","embeddable":true,"href":"https:\/\/www.archaeologie-lahndill.de\/wp\/wp-json\/wp\/v2\/tags?post=411"}],"curies":[{"name":"wp","href":"https:\/\/api.w.org\/{rel}","templated":true}]}}