{"id":829,"date":"2026-09-06T08:53:54","date_gmt":"2026-09-06T07:53:54","guid":{"rendered":"https:\/\/www.archaeologie-lahndill.de\/wp\/?p=829"},"modified":"2026-09-06T09:12:08","modified_gmt":"2026-09-06T08:12:08","slug":"vortrag_experimentelle_archaeologie","status":"publish","type":"post","link":"https:\/\/www.archaeologie-lahndill.de\/wp\/vortrag_experimentelle_archaeologie\/","title":{"rendered":"Einfach mal ausprobieren?! Die Welt der Experimentellen Arch\u00e4ologie"},"content":{"rendered":"\n<p>Am Sonntag, dem 13.9. \u00f6ffnet das Haus der Vorgeschichte ab 15:00 Uhr wieder seine T\u00fcren. Fundst\u00fccke und Modelle der arch\u00e4ologischen Sammlung geben Einblicke in l\u00e4ngst vergangene Zeiten unserer Region.<\/p>\n\n\n\n<p>Ab 15:15 Uhr spricht Davide Fugensi unter dem Titel &#8222;Einfach mal ausprobieren?!&#8220; \u00fcber die Experimentelle Arch\u00e4ologie. Ausgrabungen von menschlichen Hinterlassenschaften zeigen meist nur einen kleinen Ausschnitt aus dem Alltag unserer Vorfahren. Vor allem Fragen wie &#8222;Wie baut man ein Haus mit einem Steinbeil?&#8220;, &#8222;Welche Mengen Salz konnten sie Kelten in Bad Nauheim pro Tag herstellen?&#8220; oder &#8222;Wie gut funktioniert ein r\u00f6misches Heiz- oder Abwassersystem?&#8220; lassen sich so zun\u00e4chst nicht beantworten. Die Experimentelle Arch\u00e4ologie untersucht, wie es damals mit den zur Verf\u00fcgung stehenden M\u00f6glichkeiten gemacht worden sein k\u00f6nnte. Und welche Auswirkungen das hat. Seit den Anf\u00e4ngen im 19. Jahrhundert hat sich hier ein Forschungsgebiet entwickelt, das inzwischen vom Handwerk \u00fcber Musik und Ern\u00e4hrung bis hin zur Mobilit\u00e4t neue Einblicke in das Leben in fr\u00fcheren Zeiten erm\u00f6glicht.<\/p>\n\n\n\n<p>Im Anschluss an den Vortrag gibt es Kaffee und Kuchen und man kann in der Bibliothek st\u00f6bern oder sich in den Ausstellungsr\u00e4umen die Ausstellung \u201eVor- und Fr\u00fchgeschichte im Lahn-Dill-Gebiet\u201c ansehen. Au\u00dferdem haben die Besucher die Gelegenheit, eigene Fundst\u00fccke begutachten zu lassen.<\/p>\n\n\n\n<p><\/p>\n\n\n\n<p><\/p>\n","protected":false},"excerpt":{"rendered":"<p>Am Sonntag, dem 13.9. \u00f6ffnet das Haus der Vorgeschichte ab 15:00 Uhr wieder seine T\u00fcren. Fundst\u00fccke und Modelle<\/p>\n","protected":false},"author":2,"featured_media":832,"comment_status":"closed","ping_status":"closed","sticky":false,"template":"","format":"standard","meta":{"ngg_post_thumbnail":0,"footnotes":""},"categories":[4,3],"tags":[],"class_list":["post-829","post","type-post","status-publish","format-standard","has-post-thumbnail","hentry","category-haus-der-vorgeschichte","category-vortrag"],"_links":{"self":[{"href":"https:\/\/www.archaeologie-lahndill.de\/wp\/wp-json\/wp\/v2\/posts\/829","targetHints":{"allow":["GET"]}}],"collection":[{"href":"https:\/\/www.archaeologie-lahndill.de\/wp\/wp-json\/wp\/v2\/posts"}],"about":[{"href":"https:\/\/www.archaeologie-lahndill.de\/wp\/wp-json\/wp\/v2\/types\/post"}],"author":[{"embeddable":true,"href":"https:\/\/www.archaeologie-lahndill.de\/wp\/wp-json\/wp\/v2\/users\/2"}],"replies":[{"embeddable":true,"href":"https:\/\/www.archaeologie-lahndill.de\/wp\/wp-json\/wp\/v2\/comments?post=829"}],"version-history":[{"count":2,"href":"https:\/\/www.archaeologie-lahndill.de\/wp\/wp-json\/wp\/v2\/posts\/829\/revisions"}],"predecessor-version":[{"id":838,"href":"https:\/\/www.archaeologie-lahndill.de\/wp\/wp-json\/wp\/v2\/posts\/829\/revisions\/838"}],"wp:featuredmedia":[{"embeddable":true,"href":"https:\/\/www.archaeologie-lahndill.de\/wp\/wp-json\/wp\/v2\/media\/832"}],"wp:attachment":[{"href":"https:\/\/www.archaeologie-lahndill.de\/wp\/wp-json\/wp\/v2\/media?parent=829"}],"wp:term":[{"taxonomy":"category","embeddable":true,"href":"https:\/\/www.archaeologie-lahndill.de\/wp\/wp-json\/wp\/v2\/categories?post=829"},{"taxonomy":"post_tag","embeddable":true,"href":"https:\/\/www.archaeologie-lahndill.de\/wp\/wp-json\/wp\/v2\/tags?post=829"}],"curies":[{"name":"wp","href":"https:\/\/api.w.org\/{rel}","templated":true}]}}